{"id":1058,"date":"2017-04-18T14:06:57","date_gmt":"2017-04-18T12:06:57","guid":{"rendered":"https:\/\/www.itech-progress.com\/?p=1058"},"modified":"2026-04-07T10:26:58","modified_gmt":"2026-04-07T08:26:58","slug":"grosser-preis-des-mittelstandes-itech-progress-freut-sich-ueber-die-nominierung-und-nimmt-den-wettbewerb-stolz-an","status":"publish","type":"post","link":"https:\/\/www.itech-progress.com\/en\/grosser-preis-des-mittelstandes-itech-progress-freut-sich-ueber-die-nominierung-und-nimmt-den-wettbewerb-stolz-an\/","title":{"rendered":"\u201eGro\u00dfer Preis des Mittelstandes\u201c \u2013 ITech Progress freut sich \u00fcber die Nominierung und nimmt den Wettbewerb stolz an"},"content":{"rendered":"<p>ITech Progress wurde f\u00fcr den \u201eGro\u00dfen Preis des Mittelstandes\u201c 2017 nominiert.<\/p>\n<p>Nur ca. 5000 Unternehmen von den \u00fcber 3,6 Millionen Unternehmen in Deutschland werden j\u00e4hrlich nominiert. Daher ist bereits die Nominierung eine Auszeichnung und Aufnahme in das Netzwerk der Besten.<\/p>\n<p>Der Preis wird bereits seit 1994 verliehen und z\u00e4hlt unter den \u00fcber 500 deutschen Wirtschaftspreisen als einer der wichtigsten und begehrtesten, so eine Einsch\u00e4tzung \u201eDer Welt\u201c aus dem Jahr 2009. Der Tr\u00e4ger des Wettbewerbs ist die Oskar-Patzelt-Stiftung mit Sitz in Leipzig gemeinsam mit diversen Kammern, Verb\u00e4nde, St\u00e4dten und Gemeinden.<\/p>\n<p>Die Unternehmen im Wettbewerb werden dabei innerhalb von f\u00fcnf Kriterien bewertet. Dabei spielen nicht nur Zahlen, sondern das Unternehmen in seiner ganzheitlichen Rolle mit Bedeutung f\u00fcr die Gesellschaft ein. Betrachtet werden:<\/p>\n<p>&nbsp;<\/p>\n<ol>\n<li>Gesamtentwicklung des Unternehmens<\/li>\n<li>Schaffung\/Sicherung von Arbeits- und Ausbildungspl\u00e4tzen<\/li>\n<li>Modernisierung und Innovation<\/li>\n<li>Engagement in der Region<\/li>\n<li>Service und Kundenn\u00e4he, Marketing.<\/li>\n<\/ol>\n","protected":false},"excerpt":{"rendered":"<p>Nur ca. 5000 Unternehmen von den \u00fcber 3,6 Millionen Unternehmen in Deutschland werden j\u00e4hrlich nominiert. Daher ist bereits die Nominierung eine Auszeichnung und Aufnahme in das Netzwerk der Besten.<\/p>\n","protected":false},"author":1,"featured_media":1059,"comment_status":"open","ping_status":"open","sticky":false,"template":"","format":"standard","meta":{"_et_pb_use_builder":"","_et_pb_old_content":"","_et_gb_content_width":"","footnotes":""},"categories":[555],"tags":[],"class_list":["post-1058","post","type-post","status-publish","format-standard","has-post-thumbnail","hentry","category-ueber-uns"],"yoast_head":"<!-- This site is optimized with the Yoast SEO plugin v27.4 - https:\/\/yoast.com\/product\/yoast-seo-wordpress\/ -->\n<title>\u201eGro\u00dfer Preis des Mittelstandes\u201c \u2013 ITech Progress freut sich \u00fcber die Nominierung und nimmt den Wettbewerb stolz an | itech-progress.com<\/title>\n<meta name=\"description\" content=\"Softwarearchitektur ist Teil der DNA von ITech Progress. Von N\u00fcrnberg aus beraten unsere Experten Unternehmen bei komplexen Architekturen und heterogenen IT-Landschaften.\" \/>\n<meta name=\"robots\" content=\"index, follow, max-snippet:-1, max-image-preview:large, max-video-preview:-1\" \/>\n<link rel=\"canonical\" href=\"https:\/\/www.itech-progress.com\/en\/grosser-preis-des-mittelstandes-itech-progress-freut-sich-ueber-die-nominierung-und-nimmt-den-wettbewerb-stolz-an\/\" \/>\n<meta property=\"og:locale\" content=\"en_US\" \/>\n<meta property=\"og:type\" content=\"article\" \/>\n<meta property=\"og:title\" content=\"\u201eGro\u00dfer Preis des Mittelstandes\u201c \u2013 ITech Progress freut sich \u00fcber die Nominierung und nimmt den Wettbewerb stolz an | itech-progress.com\" \/>\n<meta property=\"og:description\" content=\"Softwarearchitektur ist Teil der DNA von ITech Progress. Von N\u00fcrnberg aus beraten unsere Experten Unternehmen bei komplexen Architekturen und heterogenen IT-Landschaften.\" \/>\n<meta property=\"og:url\" content=\"https:\/\/www.itech-progress.com\/en\/grosser-preis-des-mittelstandes-itech-progress-freut-sich-ueber-die-nominierung-und-nimmt-den-wettbewerb-stolz-an\/\" \/>\n<meta property=\"og:site_name\" content=\"itech-progress.com\" \/>\n<meta property=\"article:publisher\" content=\"https:\/\/www.facebook.com\/ITech-Progress-GmbH-189935161030876\/\" \/>\n<meta property=\"article:published_time\" content=\"2017-04-18T12:06:57+00:00\" \/>\n<meta property=\"article:modified_time\" content=\"2026-04-07T08:26:58+00:00\" \/>\n<meta property=\"og:image\" content=\"https:\/\/www.itech-progress.com\/wp-content\/uploads\/2018\/01\/OPS_Nominiert.jpg\" \/>\n\t<meta property=\"og:image:width\" content=\"1024\" \/>\n\t<meta property=\"og:image:height\" content=\"1024\" \/>\n\t<meta property=\"og:image:type\" content=\"image\/jpeg\" \/>\n<meta name=\"author\" content=\"ITech Progress\" \/>\n<meta name=\"twitter:card\" content=\"summary_large_image\" \/>\n<meta name=\"twitter:creator\" content=\"@ITechProgress\" \/>\n<meta name=\"twitter:site\" content=\"@ITechProgress\" \/>\n<meta name=\"twitter:label1\" content=\"Written by\" \/>\n\t<meta name=\"twitter:data1\" content=\"ITech Progress\" \/>\n\t<meta name=\"twitter:label2\" content=\"Est. reading time\" \/>\n\t<meta name=\"twitter:data2\" content=\"1 minute\" \/>\n<script type=\"application\/ld+json\" class=\"yoast-schema-graph\">{\"@context\":\"https:\\\/\\\/schema.org\",\"@graph\":[{\"@type\":\"Article\",\"@id\":\"https:\\\/\\\/www.itech-progress.com\\\/en\\\/grosser-preis-des-mittelstandes-itech-progress-freut-sich-ueber-die-nominierung-und-nimmt-den-wettbewerb-stolz-an\\\/#article\",\"isPartOf\":{\"@id\":\"https:\\\/\\\/www.itech-progress.com\\\/en\\\/grosser-preis-des-mittelstandes-itech-progress-freut-sich-ueber-die-nominierung-und-nimmt-den-wettbewerb-stolz-an\\\/\"},\"author\":{\"name\":\"ITech Progress\",\"@id\":\"https:\\\/\\\/www.itech-progress.com\\\/en\\\/#\\\/schema\\\/person\\\/1ca369682b99f720e1181dcd5137e769\"},\"headline\":\"\u201eGro\u00dfer Preis des Mittelstandes\u201c \u2013 ITech Progress freut sich \u00fcber die Nominierung und nimmt den Wettbewerb stolz an\",\"datePublished\":\"2017-04-18T12:06:57+00:00\",\"dateModified\":\"2026-04-07T08:26:58+00:00\",\"mainEntityOfPage\":{\"@id\":\"https:\\\/\\\/www.itech-progress.com\\\/en\\\/grosser-preis-des-mittelstandes-itech-progress-freut-sich-ueber-die-nominierung-und-nimmt-den-wettbewerb-stolz-an\\\/\"},\"wordCount\":165,\"commentCount\":0,\"publisher\":{\"@id\":\"https:\\\/\\\/www.itech-progress.com\\\/en\\\/#organization\"},\"image\":{\"@id\":\"https:\\\/\\\/www.itech-progress.com\\\/en\\\/grosser-preis-des-mittelstandes-itech-progress-freut-sich-ueber-die-nominierung-und-nimmt-den-wettbewerb-stolz-an\\\/#primaryimage\"},\"thumbnailUrl\":\"https:\\\/\\\/www.itech-progress.com\\\/wp-content\\\/uploads\\\/2018\\\/01\\\/OPS_Nominiert.jpg\",\"articleSection\":[\"\u00dcber uns\"],\"inLanguage\":\"en-US\",\"potentialAction\":[{\"@type\":\"CommentAction\",\"name\":\"Comment\",\"target\":[\"https:\\\/\\\/www.itech-progress.com\\\/en\\\/grosser-preis-des-mittelstandes-itech-progress-freut-sich-ueber-die-nominierung-und-nimmt-den-wettbewerb-stolz-an\\\/#respond\"]}]},{\"@type\":\"WebPage\",\"@id\":\"https:\\\/\\\/www.itech-progress.com\\\/en\\\/grosser-preis-des-mittelstandes-itech-progress-freut-sich-ueber-die-nominierung-und-nimmt-den-wettbewerb-stolz-an\\\/\",\"url\":\"https:\\\/\\\/www.itech-progress.com\\\/en\\\/grosser-preis-des-mittelstandes-itech-progress-freut-sich-ueber-die-nominierung-und-nimmt-den-wettbewerb-stolz-an\\\/\",\"name\":\"\u201eGro\u00dfer Preis des Mittelstandes\u201c \u2013 ITech Progress freut sich \u00fcber die Nominierung und nimmt den Wettbewerb stolz an | itech-progress.com\",\"isPartOf\":{\"@id\":\"https:\\\/\\\/www.itech-progress.com\\\/en\\\/#website\"},\"primaryImageOfPage\":{\"@id\":\"https:\\\/\\\/www.itech-progress.com\\\/en\\\/grosser-preis-des-mittelstandes-itech-progress-freut-sich-ueber-die-nominierung-und-nimmt-den-wettbewerb-stolz-an\\\/#primaryimage\"},\"image\":{\"@id\":\"https:\\\/\\\/www.itech-progress.com\\\/en\\\/grosser-preis-des-mittelstandes-itech-progress-freut-sich-ueber-die-nominierung-und-nimmt-den-wettbewerb-stolz-an\\\/#primaryimage\"},\"thumbnailUrl\":\"https:\\\/\\\/www.itech-progress.com\\\/wp-content\\\/uploads\\\/2018\\\/01\\\/OPS_Nominiert.jpg\",\"datePublished\":\"2017-04-18T12:06:57+00:00\",\"dateModified\":\"2026-04-07T08:26:58+00:00\",\"description\":\"Softwarearchitektur ist Teil der DNA von ITech Progress. Von N\u00fcrnberg aus beraten unsere Experten Unternehmen bei komplexen Architekturen und heterogenen IT-Landschaften.\",\"breadcrumb\":{\"@id\":\"https:\\\/\\\/www.itech-progress.com\\\/en\\\/grosser-preis-des-mittelstandes-itech-progress-freut-sich-ueber-die-nominierung-und-nimmt-den-wettbewerb-stolz-an\\\/#breadcrumb\"},\"inLanguage\":\"en-US\",\"potentialAction\":[{\"@type\":\"ReadAction\",\"target\":[\"https:\\\/\\\/www.itech-progress.com\\\/en\\\/grosser-preis-des-mittelstandes-itech-progress-freut-sich-ueber-die-nominierung-und-nimmt-den-wettbewerb-stolz-an\\\/\"]}]},{\"@type\":\"ImageObject\",\"inLanguage\":\"en-US\",\"@id\":\"https:\\\/\\\/www.itech-progress.com\\\/en\\\/grosser-preis-des-mittelstandes-itech-progress-freut-sich-ueber-die-nominierung-und-nimmt-den-wettbewerb-stolz-an\\\/#primaryimage\",\"url\":\"https:\\\/\\\/www.itech-progress.com\\\/wp-content\\\/uploads\\\/2018\\\/01\\\/OPS_Nominiert.jpg\",\"contentUrl\":\"https:\\\/\\\/www.itech-progress.com\\\/wp-content\\\/uploads\\\/2018\\\/01\\\/OPS_Nominiert.jpg\",\"width\":1024,\"height\":1024,\"caption\":\"Gro\u00dfer-Preis-des-Mittelstands-2017\"},{\"@type\":\"BreadcrumbList\",\"@id\":\"https:\\\/\\\/www.itech-progress.com\\\/en\\\/grosser-preis-des-mittelstandes-itech-progress-freut-sich-ueber-die-nominierung-und-nimmt-den-wettbewerb-stolz-an\\\/#breadcrumb\",\"itemListElement\":[{\"@type\":\"ListItem\",\"position\":1,\"name\":\"Start\",\"item\":\"https:\\\/\\\/www.itech-progress.com\\\/en\\\/\"},{\"@type\":\"ListItem\",\"position\":2,\"name\":\"\u201eGro\u00dfer Preis des Mittelstandes\u201c \u2013 ITech Progress freut sich \u00fcber die Nominierung und nimmt den Wettbewerb stolz an\"}]},{\"@type\":\"WebSite\",\"@id\":\"https:\\\/\\\/www.itech-progress.com\\\/en\\\/#website\",\"url\":\"https:\\\/\\\/www.itech-progress.com\\\/en\\\/\",\"name\":\"itech-progress.com\",\"description\":\"IT-Consulting und zertifizierte iSAQB Softwarearchitektur Schulungen\",\"publisher\":{\"@id\":\"https:\\\/\\\/www.itech-progress.com\\\/en\\\/#organization\"},\"potentialAction\":[{\"@type\":\"SearchAction\",\"target\":{\"@type\":\"EntryPoint\",\"urlTemplate\":\"https:\\\/\\\/www.itech-progress.com\\\/en\\\/?s={search_term_string}\"},\"query-input\":{\"@type\":\"PropertyValueSpecification\",\"valueRequired\":true,\"valueName\":\"search_term_string\"}}],\"inLanguage\":\"en-US\"},{\"@type\":\"Organization\",\"@id\":\"https:\\\/\\\/www.itech-progress.com\\\/en\\\/#organization\",\"name\":\"itech-progress.com\",\"url\":\"https:\\\/\\\/www.itech-progress.com\\\/en\\\/\",\"logo\":{\"@type\":\"ImageObject\",\"inLanguage\":\"en-US\",\"@id\":\"https:\\\/\\\/www.itech-progress.com\\\/en\\\/#\\\/schema\\\/logo\\\/image\\\/\",\"url\":\"https:\\\/\\\/www.itech-progress.com\\\/wp-content\\\/uploads\\\/2022\\\/01\\\/ITech_Logo_300dpi.png\",\"contentUrl\":\"https:\\\/\\\/www.itech-progress.com\\\/wp-content\\\/uploads\\\/2022\\\/01\\\/ITech_Logo_300dpi.png\",\"width\":1244,\"height\":249,\"caption\":\"itech-progress.com\"},\"image\":{\"@id\":\"https:\\\/\\\/www.itech-progress.com\\\/en\\\/#\\\/schema\\\/logo\\\/image\\\/\"},\"sameAs\":[\"https:\\\/\\\/www.facebook.com\\\/ITech-Progress-GmbH-189935161030876\\\/\",\"https:\\\/\\\/x.com\\\/ITechProgress\"]},{\"@type\":\"Person\",\"@id\":\"https:\\\/\\\/www.itech-progress.com\\\/en\\\/#\\\/schema\\\/person\\\/1ca369682b99f720e1181dcd5137e769\",\"name\":\"ITech Progress\",\"image\":{\"@type\":\"ImageObject\",\"inLanguage\":\"en-US\",\"@id\":\"https:\\\/\\\/secure.gravatar.com\\\/avatar\\\/ebaa487414d29cc6210a9a9050e7b1744a536f0f5ff525b09489ad18cc642035?s=96&d=mm&r=g\",\"url\":\"https:\\\/\\\/secure.gravatar.com\\\/avatar\\\/ebaa487414d29cc6210a9a9050e7b1744a536f0f5ff525b09489ad18cc642035?s=96&d=mm&r=g\",\"contentUrl\":\"https:\\\/\\\/secure.gravatar.com\\\/avatar\\\/ebaa487414d29cc6210a9a9050e7b1744a536f0f5ff525b09489ad18cc642035?s=96&d=mm&r=g\",\"caption\":\"ITech Progress\"},\"sameAs\":[\"https:\\\/\\\/www.itech-progress.com\"]}]}<\/script>\n<!-- \/ Yoast SEO plugin. -->","yoast_head_json":{"title":"\u201eGro\u00dfer Preis des Mittelstandes\u201c \u2013 ITech Progress freut sich \u00fcber die Nominierung und nimmt den Wettbewerb stolz an | itech-progress.com","description":"Softwarearchitektur ist Teil der DNA von ITech Progress. Von N\u00fcrnberg aus beraten unsere Experten Unternehmen bei komplexen Architekturen und heterogenen IT-Landschaften.","robots":{"index":"index","follow":"follow","max-snippet":"max-snippet:-1","max-image-preview":"max-image-preview:large","max-video-preview":"max-video-preview:-1"},"canonical":"https:\/\/www.itech-progress.com\/en\/grosser-preis-des-mittelstandes-itech-progress-freut-sich-ueber-die-nominierung-und-nimmt-den-wettbewerb-stolz-an\/","og_locale":"en_US","og_type":"article","og_title":"\u201eGro\u00dfer Preis des Mittelstandes\u201c \u2013 ITech Progress freut sich \u00fcber die Nominierung und nimmt den Wettbewerb stolz an | itech-progress.com","og_description":"Softwarearchitektur ist Teil der DNA von ITech Progress. Von N\u00fcrnberg aus beraten unsere Experten Unternehmen bei komplexen Architekturen und heterogenen IT-Landschaften.","og_url":"https:\/\/www.itech-progress.com\/en\/grosser-preis-des-mittelstandes-itech-progress-freut-sich-ueber-die-nominierung-und-nimmt-den-wettbewerb-stolz-an\/","og_site_name":"itech-progress.com","article_publisher":"https:\/\/www.facebook.com\/ITech-Progress-GmbH-189935161030876\/","article_published_time":"2017-04-18T12:06:57+00:00","article_modified_time":"2026-04-07T08:26:58+00:00","og_image":[{"width":1024,"height":1024,"url":"https:\/\/www.itech-progress.com\/wp-content\/uploads\/2018\/01\/OPS_Nominiert.jpg","type":"image\/jpeg"}],"author":"ITech Progress","twitter_card":"summary_large_image","twitter_creator":"@ITechProgress","twitter_site":"@ITechProgress","twitter_misc":{"Written by":"ITech Progress","Est. reading time":"1 minute"},"schema":{"@context":"https:\/\/schema.org","@graph":[{"@type":"Article","@id":"https:\/\/www.itech-progress.com\/en\/grosser-preis-des-mittelstandes-itech-progress-freut-sich-ueber-die-nominierung-und-nimmt-den-wettbewerb-stolz-an\/#article","isPartOf":{"@id":"https:\/\/www.itech-progress.com\/en\/grosser-preis-des-mittelstandes-itech-progress-freut-sich-ueber-die-nominierung-und-nimmt-den-wettbewerb-stolz-an\/"},"author":{"name":"ITech Progress","@id":"https:\/\/www.itech-progress.com\/en\/#\/schema\/person\/1ca369682b99f720e1181dcd5137e769"},"headline":"\u201eGro\u00dfer Preis des Mittelstandes\u201c \u2013 ITech Progress freut sich \u00fcber die Nominierung und nimmt den Wettbewerb stolz an","datePublished":"2017-04-18T12:06:57+00:00","dateModified":"2026-04-07T08:26:58+00:00","mainEntityOfPage":{"@id":"https:\/\/www.itech-progress.com\/en\/grosser-preis-des-mittelstandes-itech-progress-freut-sich-ueber-die-nominierung-und-nimmt-den-wettbewerb-stolz-an\/"},"wordCount":165,"commentCount":0,"publisher":{"@id":"https:\/\/www.itech-progress.com\/en\/#organization"},"image":{"@id":"https:\/\/www.itech-progress.com\/en\/grosser-preis-des-mittelstandes-itech-progress-freut-sich-ueber-die-nominierung-und-nimmt-den-wettbewerb-stolz-an\/#primaryimage"},"thumbnailUrl":"https:\/\/www.itech-progress.com\/wp-content\/uploads\/2018\/01\/OPS_Nominiert.jpg","articleSection":["\u00dcber uns"],"inLanguage":"en-US","potentialAction":[{"@type":"CommentAction","name":"Comment","target":["https:\/\/www.itech-progress.com\/en\/grosser-preis-des-mittelstandes-itech-progress-freut-sich-ueber-die-nominierung-und-nimmt-den-wettbewerb-stolz-an\/#respond"]}]},{"@type":"WebPage","@id":"https:\/\/www.itech-progress.com\/en\/grosser-preis-des-mittelstandes-itech-progress-freut-sich-ueber-die-nominierung-und-nimmt-den-wettbewerb-stolz-an\/","url":"https:\/\/www.itech-progress.com\/en\/grosser-preis-des-mittelstandes-itech-progress-freut-sich-ueber-die-nominierung-und-nimmt-den-wettbewerb-stolz-an\/","name":"\u201eGro\u00dfer Preis des Mittelstandes\u201c \u2013 ITech Progress freut sich \u00fcber die Nominierung und nimmt den Wettbewerb stolz an | itech-progress.com","isPartOf":{"@id":"https:\/\/www.itech-progress.com\/en\/#website"},"primaryImageOfPage":{"@id":"https:\/\/www.itech-progress.com\/en\/grosser-preis-des-mittelstandes-itech-progress-freut-sich-ueber-die-nominierung-und-nimmt-den-wettbewerb-stolz-an\/#primaryimage"},"image":{"@id":"https:\/\/www.itech-progress.com\/en\/grosser-preis-des-mittelstandes-itech-progress-freut-sich-ueber-die-nominierung-und-nimmt-den-wettbewerb-stolz-an\/#primaryimage"},"thumbnailUrl":"https:\/\/www.itech-progress.com\/wp-content\/uploads\/2018\/01\/OPS_Nominiert.jpg","datePublished":"2017-04-18T12:06:57+00:00","dateModified":"2026-04-07T08:26:58+00:00","description":"Softwarearchitektur ist Teil der DNA von ITech Progress. Von N\u00fcrnberg aus beraten unsere Experten Unternehmen bei komplexen Architekturen und heterogenen IT-Landschaften.","breadcrumb":{"@id":"https:\/\/www.itech-progress.com\/en\/grosser-preis-des-mittelstandes-itech-progress-freut-sich-ueber-die-nominierung-und-nimmt-den-wettbewerb-stolz-an\/#breadcrumb"},"inLanguage":"en-US","potentialAction":[{"@type":"ReadAction","target":["https:\/\/www.itech-progress.com\/en\/grosser-preis-des-mittelstandes-itech-progress-freut-sich-ueber-die-nominierung-und-nimmt-den-wettbewerb-stolz-an\/"]}]},{"@type":"ImageObject","inLanguage":"en-US","@id":"https:\/\/www.itech-progress.com\/en\/grosser-preis-des-mittelstandes-itech-progress-freut-sich-ueber-die-nominierung-und-nimmt-den-wettbewerb-stolz-an\/#primaryimage","url":"https:\/\/www.itech-progress.com\/wp-content\/uploads\/2018\/01\/OPS_Nominiert.jpg","contentUrl":"https:\/\/www.itech-progress.com\/wp-content\/uploads\/2018\/01\/OPS_Nominiert.jpg","width":1024,"height":1024,"caption":"Gro\u00dfer-Preis-des-Mittelstands-2017"},{"@type":"BreadcrumbList","@id":"https:\/\/www.itech-progress.com\/en\/grosser-preis-des-mittelstandes-itech-progress-freut-sich-ueber-die-nominierung-und-nimmt-den-wettbewerb-stolz-an\/#breadcrumb","itemListElement":[{"@type":"ListItem","position":1,"name":"Start","item":"https:\/\/www.itech-progress.com\/en\/"},{"@type":"ListItem","position":2,"name":"\u201eGro\u00dfer Preis des Mittelstandes\u201c \u2013 ITech Progress freut sich \u00fcber die Nominierung und nimmt den Wettbewerb stolz an"}]},{"@type":"WebSite","@id":"https:\/\/www.itech-progress.com\/en\/#website","url":"https:\/\/www.itech-progress.com\/en\/","name":"itech-progress.com","description":"IT-Consulting und zertifizierte iSAQB Softwarearchitektur Schulungen","publisher":{"@id":"https:\/\/www.itech-progress.com\/en\/#organization"},"potentialAction":[{"@type":"SearchAction","target":{"@type":"EntryPoint","urlTemplate":"https:\/\/www.itech-progress.com\/en\/?s={search_term_string}"},"query-input":{"@type":"PropertyValueSpecification","valueRequired":true,"valueName":"search_term_string"}}],"inLanguage":"en-US"},{"@type":"Organization","@id":"https:\/\/www.itech-progress.com\/en\/#organization","name":"itech-progress.com","url":"https:\/\/www.itech-progress.com\/en\/","logo":{"@type":"ImageObject","inLanguage":"en-US","@id":"https:\/\/www.itech-progress.com\/en\/#\/schema\/logo\/image\/","url":"https:\/\/www.itech-progress.com\/wp-content\/uploads\/2022\/01\/ITech_Logo_300dpi.png","contentUrl":"https:\/\/www.itech-progress.com\/wp-content\/uploads\/2022\/01\/ITech_Logo_300dpi.png","width":1244,"height":249,"caption":"itech-progress.com"},"image":{"@id":"https:\/\/www.itech-progress.com\/en\/#\/schema\/logo\/image\/"},"sameAs":["https:\/\/www.facebook.com\/ITech-Progress-GmbH-189935161030876\/","https:\/\/x.com\/ITechProgress"]},{"@type":"Person","@id":"https:\/\/www.itech-progress.com\/en\/#\/schema\/person\/1ca369682b99f720e1181dcd5137e769","name":"ITech Progress","image":{"@type":"ImageObject","inLanguage":"en-US","@id":"https:\/\/secure.gravatar.com\/avatar\/ebaa487414d29cc6210a9a9050e7b1744a536f0f5ff525b09489ad18cc642035?s=96&d=mm&r=g","url":"https:\/\/secure.gravatar.com\/avatar\/ebaa487414d29cc6210a9a9050e7b1744a536f0f5ff525b09489ad18cc642035?s=96&d=mm&r=g","contentUrl":"https:\/\/secure.gravatar.com\/avatar\/ebaa487414d29cc6210a9a9050e7b1744a536f0f5ff525b09489ad18cc642035?s=96&d=mm&r=g","caption":"ITech Progress"},"sameAs":["https:\/\/www.itech-progress.com"]}]}},"_links":{"self":[{"href":"https:\/\/www.itech-progress.com\/en\/wp-json\/wp\/v2\/posts\/1058","targetHints":{"allow":["GET"]}}],"collection":[{"href":"https:\/\/www.itech-progress.com\/en\/wp-json\/wp\/v2\/posts"}],"about":[{"href":"https:\/\/www.itech-progress.com\/en\/wp-json\/wp\/v2\/types\/post"}],"author":[{"embeddable":true,"href":"https:\/\/www.itech-progress.com\/en\/wp-json\/wp\/v2\/users\/1"}],"replies":[{"embeddable":true,"href":"https:\/\/www.itech-progress.com\/en\/wp-json\/wp\/v2\/comments?post=1058"}],"version-history":[{"count":3,"href":"https:\/\/www.itech-progress.com\/en\/wp-json\/wp\/v2\/posts\/1058\/revisions"}],"predecessor-version":[{"id":53870,"href":"https:\/\/www.itech-progress.com\/en\/wp-json\/wp\/v2\/posts\/1058\/revisions\/53870"}],"wp:featuredmedia":[{"embeddable":true,"href":"https:\/\/www.itech-progress.com\/en\/wp-json\/wp\/v2\/media\/1059"}],"wp:attachment":[{"href":"https:\/\/www.itech-progress.com\/en\/wp-json\/wp\/v2\/media?parent=1058"}],"wp:term":[{"taxonomy":"category","embeddable":true,"href":"https:\/\/www.itech-progress.com\/en\/wp-json\/wp\/v2\/categories?post=1058"},{"taxonomy":"post_tag","embeddable":true,"href":"https:\/\/www.itech-progress.com\/en\/wp-json\/wp\/v2\/tags?post=1058"}],"curies":[{"name":"wp","href":"https:\/\/api.w.org\/{rel}","templated":true}]}}